{"id":1385,"date":"2020-06-12T15:27:34","date_gmt":"2020-06-12T13:27:34","guid":{"rendered":"http:\/\/snudifo89.fr\/?p=1385"},"modified":"2020-06-12T15:28:54","modified_gmt":"2020-06-12T13:28:54","slug":"carriere-mouvement-temps-partiels-hors-classe-exeats","status":"publish","type":"post","link":"https:\/\/snudifo89.fr\/index.php\/2020\/06\/12\/carriere-mouvement-temps-partiels-hors-classe-exeats\/","title":{"rendered":"Carri\u00e8re : mouvement &#8211; temps partiels &#8211; hors-classe &#8211; exeats"},"content":{"rendered":"\n<p><strong>Infos concernant la carri\u00e8re.<\/strong><\/p>\n\n\n\n<p>Celle-ci se d\u00e9roule d\u00e9sormais dans le cadre de la Loi Dussopt de transformation de la Fonction Publique qui d\u00e9poss\u00e8de les repr\u00e9sentants du personnel, entre autres, du contr\u00f4le des op\u00e9rations concernant le mouvement. Cela remet en cause gravement les principes fondamentaux d&rsquo;\u00e9galit\u00e9 de traitement des agent de la fonction publique et entame largement l&rsquo;ind\u00e9pendance des fonctionnaires soumis ainsi \u00e0 l&rsquo;arbitraire et aux d\u00e9cisions qui se font \u00e0 la discr\u00e9tion totale de l&rsquo;administration. Cela renforce le principe de subordination, rejoignant par exemple l&rsquo;article 1 de la Loi Blanquer qui instaure l&rsquo;exemplarit\u00e9 des enseignants et leur devoir de r\u00e9serve, cherchant ainsi \u00e0 les museler et les poussant ainsi \u00e0 la soumission&#8230;\u00a0<br>A l&rsquo;instar de PPCR, et des nouveaux rendez-vous de carri\u00e8re qui supplantent l&rsquo;inspection, les r\u00e8gles et les bar\u00e8mes, les personnels sont \u00e0 nouveau confront\u00e9s aux d\u00e9rives de l&rsquo;objectif d&rsquo;individualisation des relations entre les agents et leur hi\u00e9rarchie.<br><strong>Le SNUDI-FO continue \u00e0 s&rsquo;opposer fermement \u00e0 cette loi et \u00e0 cette logique d\u00e9vastatrice de nos droits et nos statuts.<br>Malgr\u00e9 cela, nous continuons \u00e0 d\u00e9fendre pied \u00e0 pied tous les coll\u00e8gues et chaque coll\u00e8gue. Confiez-nous vos dossiers, faites vous accompagner par le SNUDI-FO 89 pour toute demande.<\/strong><br>A noter que tout cela ne manque pas de trouver un \u00e9cho ind\u00e9niable dans l&rsquo;expression m\u00e9diatique et minist\u00e9rielle actuelle consistant \u00e0 livrer les enseignants, trait\u00e9s de tous les noms (du \u00ab\u00a0fain\u00e9ant planqu\u00e9\u00a0\u00bb au \u00ab\u00a0tire-au-flanc av\u00e9r\u00e9\u00a0\u00bb), \u00e0 la vindicte populaire. Cet acharnement abject ne nous emp\u00eachera pas de nous faire entendre, de continuer \u00e0 porter nos revendications individuelles et collectives. Lire le communiqu\u00e9 de la FNEC-FP FO : <a rel=\"noreferrer noopener\" href=\"http:\/\/snudifo69.com\/IMG\/pdf\/20_06_11_communique_fnec_prof_bashing_corrige.pdf\" target=\"_blank\">\u00ab\u00a0Stop au prof bashing ! C\u2019est le ministre Blanquer et son protocole qui d\u00e9truisent l\u2019Ecole !<\/a>\u00a0\u00bb <\/p>\n\n\n\n<p><strong>&#8211; mouvement :&nbsp;<\/strong><\/p>\n\n\n\n<p>Nous venons d&rsquo;apprendre par le Dasen que les r\u00e9sultats du mouvement intra pourraient arriver aujourd&rsquo;hui si les contr\u00f4les sont ok. Sinon lundi.V\u00e9rifiez votre i-prof et informez-nous !Pour tout recours, incompr\u00e9hension, doute, contactez le SNUDI-FO 89 : <a rel=\"noreferrer noopener\" href=\"mailto:snudifo89@gmail.com\" target=\"_blank\">snudifo89@gmail.com<\/a><\/p>\n\n\n\n<p><strong>&#8211; temps partiels :<\/strong><\/p>\n\n\n\n<p>Vous faites face \u00e0 un refus de la part de l&rsquo;administration ou celle-ci vous impose une quotit\u00e9 ?Vous pouvez faire un recours et \u00eatre re\u00e7us par votre IEN.Des situations ont pu \u00eatre d\u00e9bloqu\u00e9es les ann\u00e9es pass\u00e9es. Le SNUDI-FO 89 vous accompagne : Contactez-nous !<br><br><strong>&#8211; exeats :<\/strong><\/p>\n\n\n\n<p>Le DASEN nous avait inform\u00e9s de l&rsquo;arriv\u00e9e imminente des r\u00e9ponses pour les exeats&#8230; il y a deux semaines. Pour autant, rien n&rsquo;est arriv\u00e9 \u00e0 notre connaissance.Nous l&rsquo;avons relanc\u00e9 pour en savoir plus. Pas de r\u00e9ponse pour l&rsquo;instant.Tenez-nous au courant, d\u00e8s que vous recevez une r\u00e9ponse. SI elle est n\u00e9gative, il sera toujours possible pour nous d&rsquo;intervenir pour faire entendre votre situation.<\/p>\n\n\n\n<p><strong>&#8211; hors-classe et classe exceptionnelle :<\/strong><br>Le DASEN n&rsquo;en conna\u00eet pas encore la date exacte, mais une CAPD aura lieu d&rsquo;ici la fin de l&rsquo;ann\u00e9e afin de traiter ces points, parmi les derniers \u00e0 \u00eatre encore trait\u00e9s en instance avec les \u00e9lus du personnel&#8230; mais dans le cadre de PPCR et donc de la primaut\u00e9 de l&rsquo;appr\u00e9ciation de l&rsquo;inspection sur les \u00e9l\u00e9ments de bar\u00e8mes li\u00e9s \u00e0 l&rsquo;anciennet\u00e9 et \u00e0 la carri\u00e8re. Toujours cette m\u00eame logique.<br>Nous vous enverrons, d\u00e8s la date connue, une fiche de suivi de votre dossier hors-classe ou classe exceptionnelle, d\u00e9fendrons votre situation et vous informerons des projets vous concernant.<\/p>\n\n\n\n<p class=\"has-text-align-center\"><strong>&#8211; RAPPEL POUR FINIR &#8211;<br>Rassemblements mardi 16 juin : Le SNUDI-FO 89 sera aux c\u00f4t\u00e9 des personnels hospitaliers : Leurs revendications sont les n\u00f4tres !<\/strong><\/p>\n\n\n\n<p class=\"has-text-align-center\"><strong>&#8211; de 13h30 \u00e0 15h30 devant le Centre hospitalier d&rsquo;Auxerre <\/strong>(point de ralliement \u00e0 12h30 devant la DSDEN pour les enseignants)<strong>.<\/strong><\/p>\n\n\n\n<p class=\"has-text-align-center\"><strong>&#8211; de 11h \u00e0 15h devant l&rsquo;H\u00f4pital de Sens<br><\/strong><em>Tous les coll\u00e8gues souhaitant se joindre \u00e0 ces rassemblement peuvent se mettre en gr\u00e8ve (d\u00e9claration d&rsquo;intention de gr\u00e8ve jusqu&rsquo;\u00e0 samedi minuit :<a rel=\"noreferrer noopener\" href=\"http:\/\/ia89.ac-dijon.fr\/?bde2012-11#a1\" target=\"_blank\"> proc\u00e9dure<\/a>)<\/em><\/p>\n\n\n\n<p class=\"has-text-align-center\"><strong>Appel commun FNEC-FP FO 89 -SUD Education 89 : <a rel=\"noreferrer noopener\" href=\"http:\/\/snudifo89.fr\/index.php\/2020\/06\/11\/appel-au-16-juin-fnec-fp-fo-89-sud-education-89\/\" target=\"_blank\">La crise sanitaire ne doit pas \u00eatre un pr\u00e9texte au d\u00e9mant\u00e8lement de l&rsquo;Ecole Publique !<\/a><\/strong><\/p>\n","protected":false},"excerpt":{"rendered":"<p>Infos concernant la carri\u00e8re. Celle-ci se d\u00e9roule d\u00e9sormais dans le cadre de la Loi Dussopt de transformation de la Fonction<\/p>\n","protected":false},"author":1,"featured_media":1386,"comment_status":"open","ping_status":"open","sticky":false,"template":"","format":"standard","meta":[],"categories":[18],"tags":[],"_links":{"self":[{"href":"https:\/\/snudifo89.fr\/index.php\/wp-json\/wp\/v2\/posts\/1385"}],"collection":[{"href":"https:\/\/snudifo89.fr\/index.php\/wp-json\/wp\/v2\/posts"}],"about":[{"href":"https:\/\/snudifo89.fr\/index.php\/wp-json\/wp\/v2\/types\/post"}],"author":[{"embeddable":true,"href":"https:\/\/snudifo89.fr\/index.php\/wp-json\/wp\/v2\/users\/1"}],"replies":[{"embeddable":true,"href":"https:\/\/snudifo89.fr\/index.php\/wp-json\/wp\/v2\/comments?post=1385"}],"version-history":[{"count":3,"href":"https:\/\/snudifo89.fr\/index.php\/wp-json\/wp\/v2\/posts\/1385\/revisions"}],"predecessor-version":[{"id":1389,"href":"https:\/\/snudifo89.fr\/index.php\/wp-json\/wp\/v2\/posts\/1385\/revisions\/1389"}],"wp:featuredmedia":[{"embeddable":true,"href":"https:\/\/snudifo89.fr\/index.php\/wp-json\/wp\/v2\/media\/1386"}],"wp:attachment":[{"href":"https:\/\/snudifo89.fr\/index.php\/wp-json\/wp\/v2\/media?parent=1385"}],"wp:term":[{"taxonomy":"category","embeddable":true,"href":"https:\/\/snudifo89.fr\/index.php\/wp-json\/wp\/v2\/categories?post=1385"},{"taxonomy":"post_tag","embeddable":true,"href":"https:\/\/snudifo89.fr\/index.php\/wp-json\/wp\/v2\/tags?post=1385"}],"curies":[{"name":"wp","href":"https:\/\/api.w.org\/{rel}","templated":true}]}}