{"id":2800,"date":"2023-05-11T09:58:42","date_gmt":"2023-05-11T07:58:42","guid":{"rendered":"http:\/\/snudifo89.fr\/?p=2800"},"modified":"2023-05-11T10:03:51","modified_gmt":"2023-05-11T08:03:51","slug":"pacte-enseignants-macron-ndiaye-une-attaque-en-regle-contre-les-statuts-maquillee-en-revalorisation-fo-claque-la-porte-du-gt-ministeriel","status":"publish","type":"post","link":"https:\/\/snudifo89.fr\/index.php\/2023\/05\/11\/pacte-enseignants-macron-ndiaye-une-attaque-en-regle-contre-les-statuts-maquillee-en-revalorisation-fo-claque-la-porte-du-gt-ministeriel\/","title":{"rendered":"\u00ab\u00a0PACTE enseignants\u00a0\u00bb Macron-Ndiaye : une attaque en r\u00e8gle contre les statuts maquill\u00e9e en revalorisation. FO claque la porte du GT minist\u00e9riel !"},"content":{"rendered":"\n<p>Avec leurs organisations syndicales, les personnels de l\u2019\u00c9ducation nationale, aux c\u00f4t\u00e9s de l\u2019ensemble des salari\u00e9s, des retrait\u00e9s, de la jeunesse, sont mobilis\u00e9s contre la r\u00e9forme des retraites Borne-Macron depuis pr\u00e8s de 4&nbsp;mois. Leur d\u00e9termination pour faire reculer le gouvernement reste intacte dans un contexte o\u00f9 l\u2019effet combin\u00e9 du gel durable de la valeur du point d\u2019indice et de l\u2019explosion des prix affaiblit consid\u00e9rablement le pouvoir d\u2019achat de tous les coll\u00e8gues.<\/p>\n\n\n\n<p>Depuis un an, l\u2019inflation atteint des records, \u00e0&nbsp;tel point que la revalorisation de 3,5% de la&nbsp;valeur du point d\u2019indice en juillet dernier a&nbsp;tr\u00e8s peu \u00e9t\u00e9 ressentie par les coll\u00e8gues.<\/p>\n\n\n\n<p>Les pertes subies depuis le d\u00e9but des ann\u00e9es 2000 repr\u00e9sentent, pour tous les agents du Service public de toutes les cat\u00e9gories, plusieurs centaines d\u2019euros par&nbsp;mois&nbsp;!<\/p>\n\n\n\n<p><strong>Pas de \u00ab&nbsp;pacte&nbsp;\u00bb avec Macron-Ndiaye&nbsp;!<\/strong><\/p>\n\n\n\n<p>La FNEC FP-FO s\u2019oppose sans r\u00e9serve au \u00ab&nbsp;pacte&nbsp;\u00bb que le pr\u00e9sident de la R\u00e9publique et son ministre de l\u2019\u00c9ducation nationale pr\u00e9sentent comme LA revalorisation salariale promise aux enseignants depuis un an. Si FO refuse ce projet c\u2019est avant tout parce qu\u2019il repr\u00e9sente une nouvelle attaque insupportable au Statut g\u00e9n\u00e9ral de la Fonction publique. La FNEC FP-FO refuse qu\u2019on oppose les personnels entre eux et revendique le respect du Statut qui impose de revaloriser tous les personnels sans distinction&nbsp;: enseignants, chefs d\u2019\u00e9tablissement, administratifs, ITRF, infirmiers, assistants sociaux, m\u00e9decins, CPE, AED, psy-EN, m\u00e9decins,&nbsp;AESH.<\/p>\n\n\n\n<p><strong>Des revalorisations indiciaires, stop aux miettes indemnitaires&nbsp;!<\/strong><\/p>\n\n\n\n<p>Pour la FNEC FP-FO, l\u2019augmentation des salaires ne peut pas passer par des vagues de petites revalorisations indemnitaires (qui ne comptent pas pour la retraite). Cette logique a&nbsp;d\u00e9j\u00e0 conduit \u00e0&nbsp;un tassement inou\u00ef des grilles indiciaires qui impacte gravement le niveau des retraites, la plupart des indemnit\u00e9s n\u2019entrant pas dans le calcul du montant des pensions. Dans de nombreuses fili\u00e8res (administrative, technique, \u2026), le r\u00e9gime indemnitaire peut atteindre jusqu\u2019\u00e0 50% du traitement indiciaire&nbsp;!<\/p>\n\n\n\n<p>La revalorisation automatique du SMIC le 1er mai 2023 porte son montant brut \u00e0&nbsp;1 747,20 euros, l\u2019indice 361 (1 750,86 euros bruts) est d\u00e9sormais l\u2019indice minimum de traitement de la Fonction publique.<\/p>\n\n\n\n<p>La FNEC FP-FO ne fait pas l\u2019aum\u00f4ne pour les personnels, notre revendication c\u2019est l\u2019augmentation imm\u00e9diate et sans contrepartie de la valeur du point d\u2019indice&nbsp;<em>a&nbsp;minima&nbsp;<\/em>\u00e0&nbsp;hauteur de l\u2019inflation et l\u2019ouverture de discussions pour rattraper les pertes subies depuis le d\u00e9but des ann\u00e9es 2000, (plus de 25&nbsp;% de pouvoir d\u2019achat en&nbsp;moins)&nbsp;!<\/p>\n\n\n\n<h2 class=\"has-text-align-center\">Abrogation de la r\u00e9forme des retraites, augmentation g\u00e9n\u00e9rale des salaires, cr\u00e9ations de postes statutaires, respect des statuts&nbsp;: pour la FNEC FP-FO, toutes ces revendications sont&nbsp;li\u00e9es.<\/h2>\n\n\n\n<p>Ainsi, \u00e0 l&rsquo;occasion du Groupe de travail minist\u00e9rielle sur cette question, une d\u00e9claration commune interf\u00e9d\u00e9rale a \u00e9t\u00e9 lue, \u00e0 l&rsquo;issu de laquelle, la FNEC-FP FO a d\u00e9cid\u00e9 de quitter la r\u00e9union,<\/p>\n\n\n\n<p>D\u00e9claration commune: <\/p>\n\n\n<a href=\"https:\/\/snudifo89.fr\/wp-content\/uploads\/2023\/05\/declaration-unitaire-GT-Pacte1.pdf\" class=\"pdfemb-viewer\" style=\"\" data-width=\"max\" data-height=\"max\"  data-toolbar=\"bottom\" data-toolbar-fixed=\"off\">declaration-unitaire-GT-Pacte1<br\/><\/a>\n<p class=\"wp-block-pdfemb-pdf-embedder-viewer\"><\/p>\n\n\n\n<p>Communiqu\u00e9 de la FNEC-FP FO :<\/p>\n\n\n<a href=\"https:\/\/snudifo89.fr\/wp-content\/uploads\/2023\/05\/23-05-10-La-FNEC-FP-FO-a-quitte-le-groupe-de-travail-sur-le-pacte-1.pdf\" class=\"pdfemb-viewer\" style=\"\" data-width=\"max\" data-height=\"max\"  data-toolbar=\"bottom\" data-toolbar-fixed=\"off\">23-05-10-La-FNEC-FP-FO-a-quitte-le-groupe-de-travail-sur-le-pacte-1<br\/><\/a>\n<p class=\"wp-block-pdfemb-pdf-embedder-viewer\"><\/p>\n\n\n\n<p>La FNEC-FP FO 89 s&rsquo;adresse aux autres organisations syndicales du d\u00e9partement pour organiser la riposte et la mobilisation des personnels contre le \u00ab\u00a0pacte\u00a0\u00bb et la r\u00e9forme des retraites et pr\u00e9parer un rassemblement des personnels de l&rsquo;Education le 31 mai et la gr\u00e8ve intersyndicale interprofessionnelle le 6 juin.<\/p>\n\n\n\n<p class=\"has-text-align-center\"><strong>R\u00e9unissons-nous, organisons-nous, mobilisons-nous ! Nous ne passerons pas \u00e0 autre chose : retrait de la r\u00e9forme des retraites, retrait du pacte Macron-Ndiaye !<\/strong><\/p>\n\n\n\n<p><em>Retrouvez le dossier 4 pages du SNUDI-FO sur le pacte : <\/em><\/p>\n\n\n\n<div class=\"wp-block-file\"><object class=\"wp-block-file__embed\" data=\"http:\/\/snudifo89.fr\/wp-content\/uploads\/2023\/05\/230427-Journal-SNUDI-FO-Pacte.pdf\" type=\"application\/pdf\" style=\"width:100%;height:600px\" aria-label=\"Contenu embarqu\u00e9 230427-Journal-SNUDI-FO-Pacte.\"><\/object><a href=\"http:\/\/snudifo89.fr\/wp-content\/uploads\/2023\/05\/230427-Journal-SNUDI-FO-Pacte.pdf\">230427-Journal-SNUDI-FO-Pacte<\/a><a href=\"http:\/\/snudifo89.fr\/wp-content\/uploads\/2023\/05\/230427-Journal-SNUDI-FO-Pacte.pdf\" class=\"wp-block-file__button\" download>T\u00e9l\u00e9charger<\/a><\/div>\n\n\n\n<p><\/p>\n","protected":false},"excerpt":{"rendered":"<p>Avec leurs organisations syndicales, les personnels de l\u2019\u00c9ducation nationale, aux c\u00f4t\u00e9s de l\u2019ensemble des salari\u00e9s, des retrait\u00e9s, de la jeunesse,<\/p>\n","protected":false},"author":1,"featured_media":2808,"comment_status":"open","ping_status":"closed","sticky":false,"template":"","format":"standard","meta":[],"categories":[4,10],"tags":[],"_links":{"self":[{"href":"https:\/\/snudifo89.fr\/index.php\/wp-json\/wp\/v2\/posts\/2800"}],"collection":[{"href":"https:\/\/snudifo89.fr\/index.php\/wp-json\/wp\/v2\/posts"}],"about":[{"href":"https:\/\/snudifo89.fr\/index.php\/wp-json\/wp\/v2\/types\/post"}],"author":[{"embeddable":true,"href":"https:\/\/snudifo89.fr\/index.php\/wp-json\/wp\/v2\/users\/1"}],"replies":[{"embeddable":true,"href":"https:\/\/snudifo89.fr\/index.php\/wp-json\/wp\/v2\/comments?post=2800"}],"version-history":[{"count":2,"href":"https:\/\/snudifo89.fr\/index.php\/wp-json\/wp\/v2\/posts\/2800\/revisions"}],"predecessor-version":[{"id":2806,"href":"https:\/\/snudifo89.fr\/index.php\/wp-json\/wp\/v2\/posts\/2800\/revisions\/2806"}],"wp:featuredmedia":[{"embeddable":true,"href":"https:\/\/snudifo89.fr\/index.php\/wp-json\/wp\/v2\/media\/2808"}],"wp:attachment":[{"href":"https:\/\/snudifo89.fr\/index.php\/wp-json\/wp\/v2\/media?parent=2800"}],"wp:term":[{"taxonomy":"category","embeddable":true,"href":"https:\/\/snudifo89.fr\/index.php\/wp-json\/wp\/v2\/categories?post=2800"},{"taxonomy":"post_tag","embeddable":true,"href":"https:\/\/snudifo89.fr\/index.php\/wp-json\/wp\/v2\/tags?post=2800"}],"curies":[{"name":"wp","href":"https:\/\/api.w.org\/{rel}","templated":true}]}}