{"id":2962,"date":"2023-12-15T10:47:20","date_gmt":"2023-12-15T09:47:20","guid":{"rendered":"https:\/\/snudifo89.fr\/?p=2962"},"modified":"2023-12-15T11:53:13","modified_gmt":"2023-12-15T10:53:13","slug":"evaluations-decole-le-ministere-sourd-aux-revendications-des-personnels","status":"publish","type":"post","link":"https:\/\/snudifo89.fr\/index.php\/2023\/12\/15\/evaluations-decole-le-ministere-sourd-aux-revendications-des-personnels\/","title":{"rendered":"Evaluations d&rsquo;\u00e9cole : le minist\u00e8re sourd aux revendications des personnels"},"content":{"rendered":"\n<p>Les organisations syndicales SNUDI-FO, FSU-SNUipp, CGT Educ\u2019action, SNALC et SUD \u00e9ducation ont \u00e9t\u00e9 re\u00e7ues, mercredi 13 d\u00e9cembre, par les repr\u00e9sentants du ministre Attal, accompagn\u00e9s de repr\u00e9sentants du Conseil d\u2019Evaluation de l\u2019Ecole, sur la question des \u00e9valuations d\u2019\u00e9cole.&nbsp;<\/p>\n\n\n\n<p>Cette audience s\u2019est d\u00e9roul\u00e9e dans un contexte o\u00f9 dans plusieurs d\u00e9partements, les personnels se mobilisent, avec le SNUDI-FO, pour demander l\u2019abandon de ce dispositif d\u2019\u00e9valuation d\u2019\u00e9cole qui, avec l\u2019auto-\u00e9valuation et l\u2019\u00e9valuation externe, constitue une offensive sans pr\u00e9c\u00e9dent contre le fonctionnement de l\u2019Ecole et le statut des personnels.&nbsp;<br><br>&nbsp;En propos liminaire, le SNUDI-FO a indiqu\u00e9 que les personnels connaissent une d\u00e9gradation sans pr\u00e9c\u00e9dent de leurs conditions de travail, avec :&nbsp;&#8211; les suppressions de postes d\u2019enseignants d\u00e9cid\u00e9es par ce gouvernement qui avaient pour cons\u00e9quence des effectifs surcharg\u00e9s, un manque de rempla\u00e7ants et d\u2019enseignants sp\u00e9cialis\u00e9s ;&nbsp;&#8211; l\u2019inclusion syst\u00e9matique et forc\u00e9e qui aboutissait \u00e0 un manque de places dans les \u00e9tablissements sociaux et m\u00e9dico-sociaux, des notifications MDPH non respect\u00e9es et un manque d\u2019AESH ;&nbsp;&#8211; un alourdissement in\u00e9dit de la charge de travail des directeurs d\u2019\u00e9cole.&nbsp;<\/p>\n\n\n\n<p><strong>Le SNUDI-FO a rappel\u00e9 qu\u2019il \u00e9tait urgent d\u2019abandonner les \u00e9valuations d\u2019\u00e9cole et de r\u00e9pondre aux revendications des personnels.<\/strong><\/p>\n\n\n<a href=\"https:\/\/snudifo89.fr\/wp-content\/uploads\/2023\/12\/231214-Communique-SNUDI-FO-evaluations-decole-1-1.pdf\" class=\"pdfemb-viewer\" style=\"\" data-width=\"max\" data-height=\"max\"  data-toolbar=\"bottom\" data-toolbar-fixed=\"off\">231214-Communique-SNUDI-FO-evaluations-decole-1-1<br\/><\/a>\n<p class=\"wp-block-pdfemb-pdf-embedder-viewer\"><\/p>\n","protected":false},"excerpt":{"rendered":"<p>Les organisations syndicales SNUDI-FO, FSU-SNUipp, CGT Educ\u2019action, SNALC et SUD \u00e9ducation ont \u00e9t\u00e9 re\u00e7ues, mercredi 13 d\u00e9cembre, par les repr\u00e9sentants<\/p>\n","protected":false},"author":1,"featured_media":2978,"comment_status":"open","ping_status":"closed","sticky":false,"template":"","format":"standard","meta":[],"categories":[4],"tags":[],"_links":{"self":[{"href":"https:\/\/snudifo89.fr\/index.php\/wp-json\/wp\/v2\/posts\/2962"}],"collection":[{"href":"https:\/\/snudifo89.fr\/index.php\/wp-json\/wp\/v2\/posts"}],"about":[{"href":"https:\/\/snudifo89.fr\/index.php\/wp-json\/wp\/v2\/types\/post"}],"author":[{"embeddable":true,"href":"https:\/\/snudifo89.fr\/index.php\/wp-json\/wp\/v2\/users\/1"}],"replies":[{"embeddable":true,"href":"https:\/\/snudifo89.fr\/index.php\/wp-json\/wp\/v2\/comments?post=2962"}],"version-history":[{"count":2,"href":"https:\/\/snudifo89.fr\/index.php\/wp-json\/wp\/v2\/posts\/2962\/revisions"}],"predecessor-version":[{"id":2977,"href":"https:\/\/snudifo89.fr\/index.php\/wp-json\/wp\/v2\/posts\/2962\/revisions\/2977"}],"wp:featuredmedia":[{"embeddable":true,"href":"https:\/\/snudifo89.fr\/index.php\/wp-json\/wp\/v2\/media\/2978"}],"wp:attachment":[{"href":"https:\/\/snudifo89.fr\/index.php\/wp-json\/wp\/v2\/media?parent=2962"}],"wp:term":[{"taxonomy":"category","embeddable":true,"href":"https:\/\/snudifo89.fr\/index.php\/wp-json\/wp\/v2\/categories?post=2962"},{"taxonomy":"post_tag","embeddable":true,"href":"https:\/\/snudifo89.fr\/index.php\/wp-json\/wp\/v2\/tags?post=2962"}],"curies":[{"name":"wp","href":"https:\/\/api.w.org\/{rel}","templated":true}]}}