{"id":3297,"date":"2024-11-22T11:34:09","date_gmt":"2024-11-22T10:34:09","guid":{"rendered":"http:\/\/snudifo89.fr\/?p=3297"},"modified":"2024-11-22T11:34:09","modified_gmt":"2024-11-22T10:34:09","slug":"reunions-syndicales-et-motions-decoles","status":"publish","type":"post","link":"https:\/\/snudifo89.fr\/index.php\/2024\/11\/22\/reunions-syndicales-et-motions-decoles\/","title":{"rendered":"R\u00e9unions Syndicales et motions d&rsquo;\u00e9coles"},"content":{"rendered":"\n<h2 class=\"has-text-align-center\"><span class=\"has-inline-color has-gray-color\">R\u00e9unions Syndicales<\/span><\/h2>\n\n\n\n<p>Le SNUDI FO 89 organise des r\u00e9unions partout dans le d\u00e9partement pour permettre aux personnels de discuter et de d\u00e9cider d\u00e9cider de la gr\u00e8ve\u00a0:<\/p>\n\n\n\n<ul><li>\u00e0 l\u2019\u00e9cole Renoir (\u00e0 la ZUP) \u00e0 Auxerre : mardi 26 novembre de 12h \u00e0 13h30<\/li><li>\u00e0 l\u2019\u00e9cole des Champs d\u2019Aloup \u00e0 Sens : mardi 26 novembre de 12h \u00e0 13h30\u00a0<\/li><li>\u00e0 Toucy : jeudi 28 novembre de 12h \u00e0 13h30<\/li><li>\u00e0 Migennes \u00e0 l\u2019UL FO (\u00e0 c\u00f4t\u00e9 de l\u2019\u00e9cole G\u00e9rard Philipe) : mardi 3 d\u00e9cembre de 12h \u00e0 13h30<\/li><li><strong>Une r\u00e9union d\u00e9partementale &#8211; AG de pr\u00e9paration de la gr\u00e8ve &#8211; r\u00e9unissant les d\u00e9l\u00e9gu\u00e9s d&rsquo;\u00e9coles (et tous les coll\u00e8gues qui le souhaitent) se tiendra \u00e0 Auxerre, \u00e0 la maison des syndicats\u00a0mercredi 4 d\u00e9cembre de 13h30 \u00e0 16h30.\u00a0<\/strong><\/li><li>\u00e0 Migennes \u00e0 l&rsquo;UL-FO : mercredi 11 d\u00e9cembre &#8211; AG de gr\u00e8ve<\/li><\/ul>\n\n\n\n<h2 class=\"has-text-align-center\"><strong><span class=\"has-inline-color has-gray-color\">Motions d&rsquo;\u00e9coles<\/span><\/strong><\/h2>\n\n\n\n<div class=\"wp-block-file\"><object class=\"wp-block-file__embed\" data=\"http:\/\/snudifo89.fr\/wp-content\/uploads\/2024\/11\/motion-cheny.pdf\" type=\"application\/pdf\" style=\"width:100%;height:310px\" aria-label=\"Contenu embarqu\u00e9 motion-cheny.\"><\/object><a href=\"http:\/\/snudifo89.fr\/wp-content\/uploads\/2024\/11\/motion-cheny.pdf\">motion-cheny<\/a><a href=\"http:\/\/snudifo89.fr\/wp-content\/uploads\/2024\/11\/motion-cheny.pdf\" class=\"wp-block-file__button\" download>T\u00e9l\u00e9charger<\/a><\/div>\n","protected":false},"excerpt":{"rendered":"<p>R\u00e9unions Syndicales Le SNUDI FO 89 organise des r\u00e9unions partout dans le d\u00e9partement pour permettre aux personnels de discuter et<\/p>\n","protected":false},"author":1,"featured_media":1617,"comment_status":"open","ping_status":"closed","sticky":false,"template":"","format":"standard","meta":[],"categories":[4],"tags":[],"_links":{"self":[{"href":"https:\/\/snudifo89.fr\/index.php\/wp-json\/wp\/v2\/posts\/3297"}],"collection":[{"href":"https:\/\/snudifo89.fr\/index.php\/wp-json\/wp\/v2\/posts"}],"about":[{"href":"https:\/\/snudifo89.fr\/index.php\/wp-json\/wp\/v2\/types\/post"}],"author":[{"embeddable":true,"href":"https:\/\/snudifo89.fr\/index.php\/wp-json\/wp\/v2\/users\/1"}],"replies":[{"embeddable":true,"href":"https:\/\/snudifo89.fr\/index.php\/wp-json\/wp\/v2\/comments?post=3297"}],"version-history":[{"count":1,"href":"https:\/\/snudifo89.fr\/index.php\/wp-json\/wp\/v2\/posts\/3297\/revisions"}],"predecessor-version":[{"id":3300,"href":"https:\/\/snudifo89.fr\/index.php\/wp-json\/wp\/v2\/posts\/3297\/revisions\/3300"}],"wp:featuredmedia":[{"embeddable":true,"href":"https:\/\/snudifo89.fr\/index.php\/wp-json\/wp\/v2\/media\/1617"}],"wp:attachment":[{"href":"https:\/\/snudifo89.fr\/index.php\/wp-json\/wp\/v2\/media?parent=3297"}],"wp:term":[{"taxonomy":"category","embeddable":true,"href":"https:\/\/snudifo89.fr\/index.php\/wp-json\/wp\/v2\/categories?post=3297"},{"taxonomy":"post_tag","embeddable":true,"href":"https:\/\/snudifo89.fr\/index.php\/wp-json\/wp\/v2\/tags?post=3297"}],"curies":[{"name":"wp","href":"https:\/\/api.w.org\/{rel}","templated":true}]}}